{"id":17247,"date":"2026-09-01T10:11:37","date_gmt":"2026-09-01T08:11:37","guid":{"rendered":"https:\/\/www.ch-open.ch\/?p=17247"},"modified":"2026-09-01T11:32:40","modified_gmt":"2026-09-01T09:32:40","slug":"17247","status":"publish","type":"post","link":"https:\/\/www.ch-open.ch\/en\/17247\/","title":{"rendered":"Swiss IT Forum(s)"},"content":{"rendered":"\n<figure class=\"wp-block-table\"><table class=\"has-fixed-layout\"><tbody><tr><td>When?<\/td><td><strong>Mittwoch, 30.9. &#8211; Donnerstag, 1.10.<\/strong><\/td><\/tr><tr><td>Where?<\/td><td><strong>\u00a0Palexpo in Genf (Halle 4, Zugang Tor 3)<\/strong><\/td><\/tr><\/tbody><\/table><\/figure>\n\n\n\n<p class=\"wp-block-paragraph\"><strong>Die Swiss IT Forum(s) kombiniert eine Fachmesse mit rund 160 Ausstellenden und ein Konferenzprogramm mit \u00fcber 100 Vortr\u00e4gen, Keynotes und Podiumsdiskussionen zu neun Themenbereichen, darunter Cloud, Infrastruktur und Datacenter, Cybersicherheit, KI und Data, digitale Transformation sowie IT Service Management.<\/strong><\/p>\n\n\n\n<p class=\"wp-block-paragraph\">Zu den angek\u00fcndigten Referierenden geh\u00f6ren unter anderem:<\/p>\n\n\n\n<p class=\"wp-block-paragraph\">-Fr\u00e9d\u00e9ric Matthey (AI Swiss) zur Wahl der KI-Infrastruktur<br>-Gerard Cuenca Ginesta (UEFA) zum strategischen Umgang mit Daten<br>-Marc Besson (IMAD) zur digitalen Transformation im Gesundheitswesen<br>-Denis Zuba zu hybriden Prognosemodellen sowie Gilles Burnier (Groupe Mutuel) zur praktischen KI-Einf\u00fchrung in Unternehmen. <\/p>\n\n\n\n<p class=\"wp-block-paragraph\">Erg\u00e4nzt wird das Programm durch Podiumsdiskussionen, etwa zu Cybersicherheit oder zu Priorit\u00e4ten von IT-Verantwortlichen in der Westschweiz, sowie eine interaktive Hacking-Simulation.<\/p>\n\n\n\n<p class=\"wp-block-paragraph\">Teilnehmende erwarten Fachvortr\u00e4ge, Live-Demonstrationen von Ausstellenden, Networking-M\u00f6glichkeiten und ein Jobs Corner. Der Anlass richtet sich an IT- und Digitalverantwortliche, Fachpersonen aus Unternehmen und \u00f6ffentlichen Institutionen sowie an alle, die sich f\u00fcr Unternehmenssoftware und IT-L\u00f6sungen interessieren, prim\u00e4r im Raum Genf und der Westschweiz.<br><br>Mehr Informationen finden Sie auf der <a href=\"https:\/\/www.swiss-it-forums.tech\/en\/page\/deutsch\" target=\"_blank\" rel=\"noreferrer noopener\">Website<\/a>.<\/p>\n","protected":false},"excerpt":{"rendered":"<p>When? Mittwoch, 30.9. &#8211; Donnerstag, 1.10. Where? \u00a0Palexpo in Genf (Halle 4, Zugang Tor 3) Die Swiss IT Forum(s) kombiniert eine Fachmesse mit rund 160 Ausstellenden und ein Konferenzprogramm mit \u00fcber 100 Vortr\u00e4gen, Keynotes und Podiumsdiskussionen zu neun Themenbereichen, darunter Cloud, Infrastruktur und Datacenter, Cybersicherheit, KI und Data, digitale Transformation sowie IT Service Management. Zu&hellip;<\/p>\n","protected":false},"author":131,"featured_media":17248,"comment_status":"closed","ping_status":"closed","sticky":false,"template":"","format":"standard","meta":{"_acf_changed":false,"footnotes":""},"categories":[33],"tags":[],"class_list":["post-17247","post","type-post","status-publish","format-standard","has-post-thumbnail","hentry","category-events"],"acf":[],"yoast_head":"<!-- This site is optimized with the Yoast SEO Premium plugin v22.2 (Yoast SEO v28.3) - https:\/\/yoast.com\/product\/yoast-seo-premium-wordpress\/ -->\n<title>Swiss IT Forum(s) &#060; CH Open<\/title>\n<meta name=\"robots\" content=\"index, follow, max-snippet:-1, max-image-preview:large, max-video-preview:-1\" \/>\n<link rel=\"canonical\" href=\"https:\/\/www.ch-open.ch\/17247\/\" \/>\n<meta property=\"og:locale\" content=\"en_US\" \/>\n<meta property=\"og:type\" content=\"article\" \/>\n<meta property=\"og:title\" content=\"Swiss IT Forum(s)\" \/>\n<meta property=\"og:description\" content=\"When? Mittwoch, 30.9. &#8211; Donnerstag, 1.10. Where? \u00a0Palexpo in Genf (Halle 4, Zugang Tor 3) Die Swiss IT Forum(s) kombiniert eine Fachmesse mit rund 160 Ausstellenden und ein Konferenzprogramm mit \u00fcber 100 Vortr\u00e4gen, Keynotes und Podiumsdiskussionen zu neun Themenbereichen, darunter Cloud, Infrastruktur und Datacenter, Cybersicherheit, KI und Data, digitale Transformation sowie IT Service Management. Zu&hellip;\" \/>\n<meta property=\"og:url\" content=\"https:\/\/www.ch-open.ch\/17247\/\" \/>\n<meta property=\"og:site_name\" content=\"CH Open\" \/>\n<meta property=\"article:published_time\" content=\"2026-09-01T08:11:37+00:00\" \/>\n<meta property=\"article:modified_time\" content=\"2026-09-01T09:32:40+00:00\" \/>\n<meta property=\"og:image\" content=\"https:\/\/www.ch-open.ch\/wp-content\/uploads\/2026\/09\/63d9270e0b62c.jpg\" \/>\n\t<meta property=\"og:image:width\" content=\"750\" \/>\n\t<meta property=\"og:image:height\" content=\"500\" \/>\n\t<meta property=\"og:image:type\" content=\"image\/jpeg\" \/>\n<meta name=\"author\" content=\"pascalzweiacker\" \/>\n<meta name=\"twitter:card\" content=\"summary_large_image\" \/>\n<meta name=\"twitter:creator\" content=\"@ch_open\" \/>\n<meta name=\"twitter:site\" content=\"@ch_open\" \/>\n<meta name=\"twitter:label1\" content=\"Written by\" \/>\n\t<meta name=\"twitter:data1\" content=\"pascalzweiacker\" \/>\n\t<meta name=\"twitter:label2\" content=\"Est. reading time\" \/>\n\t<meta name=\"twitter:data2\" content=\"1 minute\" \/>\n<script type=\"application\/ld+json\" class=\"yoast-schema-graph\">{\"@context\":\"https:\\\/\\\/schema.org\",\"@graph\":[{\"@type\":\"Article\",\"@id\":\"https:\\\/\\\/www.ch-open.ch\\\/17247\\\/#article\",\"isPartOf\":{\"@id\":\"https:\\\/\\\/www.ch-open.ch\\\/17247\\\/\"},\"author\":{\"name\":\"pascalzweiacker\",\"@id\":\"https:\\\/\\\/www.ch-open.ch\\\/#\\\/schema\\\/person\\\/59613ecbb370d2cc16b83d49f816c92f\"},\"headline\":\"Swiss IT Forum(s)\",\"datePublished\":\"2026-09-01T08:11:37+00:00\",\"dateModified\":\"2026-09-01T09:32:40+00:00\",\"mainEntityOfPage\":{\"@id\":\"https:\\\/\\\/www.ch-open.ch\\\/17247\\\/\"},\"wordCount\":180,\"publisher\":{\"@id\":\"https:\\\/\\\/www.ch-open.ch\\\/#organization\"},\"image\":{\"@id\":\"https:\\\/\\\/www.ch-open.ch\\\/17247\\\/#primaryimage\"},\"thumbnailUrl\":\"https:\\\/\\\/www.ch-open.ch\\\/wp-content\\\/uploads\\\/2026\\\/09\\\/63d9270e0b62c.jpg\",\"articleSection\":[\"Events\"],\"inLanguage\":\"en-US\"},{\"@type\":\"WebPage\",\"@id\":\"https:\\\/\\\/www.ch-open.ch\\\/17247\\\/\",\"url\":\"https:\\\/\\\/www.ch-open.ch\\\/17247\\\/\",\"name\":\"Swiss IT Forum(s) &#060; CH Open\",\"isPartOf\":{\"@id\":\"https:\\\/\\\/www.ch-open.ch\\\/#website\"},\"primaryImageOfPage\":{\"@id\":\"https:\\\/\\\/www.ch-open.ch\\\/17247\\\/#primaryimage\"},\"image\":{\"@id\":\"https:\\\/\\\/www.ch-open.ch\\\/17247\\\/#primaryimage\"},\"thumbnailUrl\":\"https:\\\/\\\/www.ch-open.ch\\\/wp-content\\\/uploads\\\/2026\\\/09\\\/63d9270e0b62c.jpg\",\"datePublished\":\"2026-09-01T08:11:37+00:00\",\"dateModified\":\"2026-09-01T09:32:40+00:00\",\"breadcrumb\":{\"@id\":\"https:\\\/\\\/www.ch-open.ch\\\/17247\\\/#breadcrumb\"},\"inLanguage\":\"en-US\",\"potentialAction\":[{\"@type\":\"ReadAction\",\"target\":[\"https:\\\/\\\/www.ch-open.ch\\\/17247\\\/\"]}]},{\"@type\":\"ImageObject\",\"inLanguage\":\"en-US\",\"@id\":\"https:\\\/\\\/www.ch-open.ch\\\/17247\\\/#primaryimage\",\"url\":\"https:\\\/\\\/www.ch-open.ch\\\/wp-content\\\/uploads\\\/2026\\\/09\\\/63d9270e0b62c.jpg\",\"contentUrl\":\"https:\\\/\\\/www.ch-open.ch\\\/wp-content\\\/uploads\\\/2026\\\/09\\\/63d9270e0b62c.jpg\",\"width\":750,\"height\":500},{\"@type\":\"BreadcrumbList\",\"@id\":\"https:\\\/\\\/www.ch-open.ch\\\/17247\\\/#breadcrumb\",\"itemListElement\":[{\"@type\":\"ListItem\",\"position\":1,\"name\":\"Home\",\"item\":\"https:\\\/\\\/www.ch-open.ch\\\/en\\\/\"},{\"@type\":\"ListItem\",\"position\":2,\"name\":\"Swiss IT Forum(s)\"}]},{\"@type\":\"WebSite\",\"@id\":\"https:\\\/\\\/www.ch-open.ch\\\/#website\",\"url\":\"https:\\\/\\\/www.ch-open.ch\\\/\",\"name\":\"CH Open\",\"description\":\"Verein CH Open\",\"publisher\":{\"@id\":\"https:\\\/\\\/www.ch-open.ch\\\/#organization\"},\"potentialAction\":[{\"@type\":\"SearchAction\",\"target\":{\"@type\":\"EntryPoint\",\"urlTemplate\":\"https:\\\/\\\/www.ch-open.ch\\\/?s={search_term_string}\"},\"query-input\":{\"@type\":\"PropertyValueSpecification\",\"valueRequired\":true,\"valueName\":\"search_term_string\"}}],\"inLanguage\":\"en-US\"},{\"@type\":\"Organization\",\"@id\":\"https:\\\/\\\/www.ch-open.ch\\\/#organization\",\"name\":\"CH Open\",\"url\":\"https:\\\/\\\/www.ch-open.ch\\\/\",\"logo\":{\"@type\":\"ImageObject\",\"inLanguage\":\"en-US\",\"@id\":\"https:\\\/\\\/www.ch-open.ch\\\/#\\\/schema\\\/logo\\\/image\\\/\",\"url\":\"https:\\\/\\\/www.ch-open.ch\\\/wp-content\\\/uploads\\\/2017\\\/03\\\/CHOpen_Logo_700.png\",\"contentUrl\":\"https:\\\/\\\/www.ch-open.ch\\\/wp-content\\\/uploads\\\/2017\\\/03\\\/CHOpen_Logo_700.png\",\"width\":700,\"height\":256,\"caption\":\"CH Open\"},\"image\":{\"@id\":\"https:\\\/\\\/www.ch-open.ch\\\/#\\\/schema\\\/logo\\\/image\\\/\"},\"sameAs\":[\"https:\\\/\\\/x.com\\\/ch_open\",\"https:\\\/\\\/www.youtube.com\\\/user\\\/openexpo\"]},{\"@type\":\"Person\",\"@id\":\"https:\\\/\\\/www.ch-open.ch\\\/#\\\/schema\\\/person\\\/59613ecbb370d2cc16b83d49f816c92f\",\"name\":\"pascalzweiacker\",\"image\":{\"@type\":\"ImageObject\",\"inLanguage\":\"en-US\",\"@id\":\"https:\\\/\\\/secure.gravatar.com\\\/avatar\\\/80622585d5257311bd54e933ad9740ee17f0a633274e3f84245caf1018a5fdd9?s=96&d=mm&r=g\",\"url\":\"https:\\\/\\\/secure.gravatar.com\\\/avatar\\\/80622585d5257311bd54e933ad9740ee17f0a633274e3f84245caf1018a5fdd9?s=96&d=mm&r=g\",\"contentUrl\":\"https:\\\/\\\/secure.gravatar.com\\\/avatar\\\/80622585d5257311bd54e933ad9740ee17f0a633274e3f84245caf1018a5fdd9?s=96&d=mm&r=g\",\"caption\":\"pascalzweiacker\"},\"url\":\"https:\\\/\\\/www.ch-open.ch\\\/en\\\/author\\\/pascalzweiacker\\\/\"}]}<\/script>\n<!-- \/ Yoast SEO Premium plugin. -->","yoast_head_json":{"title":"Swiss IT Forum(s) &#060; CH Open","robots":{"index":"index","follow":"follow","max-snippet":"max-snippet:-1","max-image-preview":"max-image-preview:large","max-video-preview":"max-video-preview:-1"},"canonical":"https:\/\/www.ch-open.ch\/17247\/","og_locale":"en_US","og_type":"article","og_title":"Swiss IT Forum(s)","og_description":"When? Mittwoch, 30.9. &#8211; Donnerstag, 1.10. Where? \u00a0Palexpo in Genf (Halle 4, Zugang Tor 3) Die Swiss IT Forum(s) kombiniert eine Fachmesse mit rund 160 Ausstellenden und ein Konferenzprogramm mit \u00fcber 100 Vortr\u00e4gen, Keynotes und Podiumsdiskussionen zu neun Themenbereichen, darunter Cloud, Infrastruktur und Datacenter, Cybersicherheit, KI und Data, digitale Transformation sowie IT Service Management. Zu&hellip;","og_url":"https:\/\/www.ch-open.ch\/17247\/","og_site_name":"CH Open","article_published_time":"2026-09-01T08:11:37+00:00","article_modified_time":"2026-09-01T09:32:40+00:00","og_image":[{"width":750,"height":500,"url":"https:\/\/www.ch-open.ch\/wp-content\/uploads\/2026\/09\/63d9270e0b62c.jpg","type":"image\/jpeg"}],"author":"pascalzweiacker","twitter_card":"summary_large_image","twitter_creator":"@ch_open","twitter_site":"@ch_open","twitter_misc":{"Written by":"pascalzweiacker","Est. reading time":"1 minute"},"schema":{"@context":"https:\/\/schema.org","@graph":[{"@type":"Article","@id":"https:\/\/www.ch-open.ch\/17247\/#article","isPartOf":{"@id":"https:\/\/www.ch-open.ch\/17247\/"},"author":{"name":"pascalzweiacker","@id":"https:\/\/www.ch-open.ch\/#\/schema\/person\/59613ecbb370d2cc16b83d49f816c92f"},"headline":"Swiss IT Forum(s)","datePublished":"2026-09-01T08:11:37+00:00","dateModified":"2026-09-01T09:32:40+00:00","mainEntityOfPage":{"@id":"https:\/\/www.ch-open.ch\/17247\/"},"wordCount":180,"publisher":{"@id":"https:\/\/www.ch-open.ch\/#organization"},"image":{"@id":"https:\/\/www.ch-open.ch\/17247\/#primaryimage"},"thumbnailUrl":"https:\/\/www.ch-open.ch\/wp-content\/uploads\/2026\/09\/63d9270e0b62c.jpg","articleSection":["Events"],"inLanguage":"en-US"},{"@type":"WebPage","@id":"https:\/\/www.ch-open.ch\/17247\/","url":"https:\/\/www.ch-open.ch\/17247\/","name":"Swiss IT Forum(s) &#060; CH Open","isPartOf":{"@id":"https:\/\/www.ch-open.ch\/#website"},"primaryImageOfPage":{"@id":"https:\/\/www.ch-open.ch\/17247\/#primaryimage"},"image":{"@id":"https:\/\/www.ch-open.ch\/17247\/#primaryimage"},"thumbnailUrl":"https:\/\/www.ch-open.ch\/wp-content\/uploads\/2026\/09\/63d9270e0b62c.jpg","datePublished":"2026-09-01T08:11:37+00:00","dateModified":"2026-09-01T09:32:40+00:00","breadcrumb":{"@id":"https:\/\/www.ch-open.ch\/17247\/#breadcrumb"},"inLanguage":"en-US","potentialAction":[{"@type":"ReadAction","target":["https:\/\/www.ch-open.ch\/17247\/"]}]},{"@type":"ImageObject","inLanguage":"en-US","@id":"https:\/\/www.ch-open.ch\/17247\/#primaryimage","url":"https:\/\/www.ch-open.ch\/wp-content\/uploads\/2026\/09\/63d9270e0b62c.jpg","contentUrl":"https:\/\/www.ch-open.ch\/wp-content\/uploads\/2026\/09\/63d9270e0b62c.jpg","width":750,"height":500},{"@type":"BreadcrumbList","@id":"https:\/\/www.ch-open.ch\/17247\/#breadcrumb","itemListElement":[{"@type":"ListItem","position":1,"name":"Home","item":"https:\/\/www.ch-open.ch\/en\/"},{"@type":"ListItem","position":2,"name":"Swiss IT Forum(s)"}]},{"@type":"WebSite","@id":"https:\/\/www.ch-open.ch\/#website","url":"https:\/\/www.ch-open.ch\/","name":"CH Open","description":"Verein CH Open","publisher":{"@id":"https:\/\/www.ch-open.ch\/#organization"},"potentialAction":[{"@type":"SearchAction","target":{"@type":"EntryPoint","urlTemplate":"https:\/\/www.ch-open.ch\/?s={search_term_string}"},"query-input":{"@type":"PropertyValueSpecification","valueRequired":true,"valueName":"search_term_string"}}],"inLanguage":"en-US"},{"@type":"Organization","@id":"https:\/\/www.ch-open.ch\/#organization","name":"CH Open","url":"https:\/\/www.ch-open.ch\/","logo":{"@type":"ImageObject","inLanguage":"en-US","@id":"https:\/\/www.ch-open.ch\/#\/schema\/logo\/image\/","url":"https:\/\/www.ch-open.ch\/wp-content\/uploads\/2017\/03\/CHOpen_Logo_700.png","contentUrl":"https:\/\/www.ch-open.ch\/wp-content\/uploads\/2017\/03\/CHOpen_Logo_700.png","width":700,"height":256,"caption":"CH Open"},"image":{"@id":"https:\/\/www.ch-open.ch\/#\/schema\/logo\/image\/"},"sameAs":["https:\/\/x.com\/ch_open","https:\/\/www.youtube.com\/user\/openexpo"]},{"@type":"Person","@id":"https:\/\/www.ch-open.ch\/#\/schema\/person\/59613ecbb370d2cc16b83d49f816c92f","name":"pascalzweiacker","image":{"@type":"ImageObject","inLanguage":"en-US","@id":"https:\/\/secure.gravatar.com\/avatar\/80622585d5257311bd54e933ad9740ee17f0a633274e3f84245caf1018a5fdd9?s=96&d=mm&r=g","url":"https:\/\/secure.gravatar.com\/avatar\/80622585d5257311bd54e933ad9740ee17f0a633274e3f84245caf1018a5fdd9?s=96&d=mm&r=g","contentUrl":"https:\/\/secure.gravatar.com\/avatar\/80622585d5257311bd54e933ad9740ee17f0a633274e3f84245caf1018a5fdd9?s=96&d=mm&r=g","caption":"pascalzweiacker"},"url":"https:\/\/www.ch-open.ch\/en\/author\/pascalzweiacker\/"}]}},"_links":{"self":[{"href":"https:\/\/www.ch-open.ch\/en\/wp-json\/wp\/v2\/posts\/17247","targetHints":{"allow":["GET"]}}],"collection":[{"href":"https:\/\/www.ch-open.ch\/en\/wp-json\/wp\/v2\/posts"}],"about":[{"href":"https:\/\/www.ch-open.ch\/en\/wp-json\/wp\/v2\/types\/post"}],"author":[{"embeddable":true,"href":"https:\/\/www.ch-open.ch\/en\/wp-json\/wp\/v2\/users\/131"}],"replies":[{"embeddable":true,"href":"https:\/\/www.ch-open.ch\/en\/wp-json\/wp\/v2\/comments?post=17247"}],"version-history":[{"count":4,"href":"https:\/\/www.ch-open.ch\/en\/wp-json\/wp\/v2\/posts\/17247\/revisions"}],"predecessor-version":[{"id":17255,"href":"https:\/\/www.ch-open.ch\/en\/wp-json\/wp\/v2\/posts\/17247\/revisions\/17255"}],"wp:featuredmedia":[{"embeddable":true,"href":"https:\/\/www.ch-open.ch\/en\/wp-json\/wp\/v2\/media\/17248"}],"wp:attachment":[{"href":"https:\/\/www.ch-open.ch\/en\/wp-json\/wp\/v2\/media?parent=17247"}],"wp:term":[{"taxonomy":"category","embeddable":true,"href":"https:\/\/www.ch-open.ch\/en\/wp-json\/wp\/v2\/categories?post=17247"},{"taxonomy":"post_tag","embeddable":true,"href":"https:\/\/www.ch-open.ch\/en\/wp-json\/wp\/v2\/tags?post=17247"}],"curies":[{"name":"wp","href":"https:\/\/api.w.org\/{rel}","templated":true}]}}