{"id":14458,"date":"2025-12-04T15:12:02","date_gmt":"2025-12-04T14:12:02","guid":{"rendered":"https:\/\/www.ch-open.ch\/?p=14458"},"modified":"2025-12-04T15:12:04","modified_gmt":"2025-12-04T14:12:04","slug":"open-education-day-2026","status":"publish","type":"post","link":"https:\/\/www.ch-open.ch\/fr\/open-education-day-2026\/","title":{"rendered":"Open Education Day 2026"},"content":{"rendered":"\n<p data-pm-slice=\"1 1 []\">Der Open Education Day 2026 findet unter dem Motto\u00a0<strong>&#8220;Learning together&#8221;<\/strong>\u00a0am Samstag,\u00a0<strong>25. April 2026<\/strong>\u00a0an der PHBern (Fabrikstrasse 8) statt.<\/p>\n<p data-pm-slice=\"1 1 []\"><img decoding=\"async\" class=\"emoji\" role=\"img\" src=\"https:\/\/s.w.org\/images\/core\/emoji\/16.0.1\/svg\/1f4e2.svg\" alt=\"\ud83d\udce2\" \/>\u00a0Wir freuen uns \u00fcber vielseitige\u00a0<a href=\"https:\/\/pretalx.com\/open-education-day-2026\/cfp\" target=\"_blank\" rel=\"noopener\">Session-Einreichungen<\/a>\u00a0bis zum 20. Januar 2026.\u00a0<img decoding=\"async\" class=\"emoji\" role=\"img\" src=\"https:\/\/s.w.org\/images\/core\/emoji\/16.0.1\/svg\/1f5d3.svg\" alt=\"\ud83d\uddd3\ufe0f\" \/><\/p>\n<div class=\"ms-outlook-mobile-reference-message skipProofing\"><a href=\"https:\/\/vortrag.drdeimann.de\/\" target=\"_blank\" rel=\"noopener\">Markus Deimann<\/a>\u00a0h\u00e4lt die Keynote\u00a0<em>&#8220;<\/em><strong>Open Education als Zukunftsgestaltung: Imaginaries, Bildung und die Praxis der Offenheit<\/strong><em>&#8220;: <\/em>&#8220;<em>Open Education ist mehr als Technik und Infrastruktur, sondern getragen durch gesellschaftliche Zukunftsbilder und Bildungstraditionen. Die Keynote zeigt, wie sich aus dieser Verbindung konkrete Praktiken f\u00fcr Schulen und Hochschulen ableiten lassen, indem wir Offenheit als kulturelle Praxis verankern.<\/em>&#8221;\n<p>Die Tagung ist offen f\u00fcr alle: Studierende, Lehrpersonen, Dozierende, Forschende, IT-Verantwortliche und weitere Open-Source- und Bildungsbegeisterte. An diesem Tag wird sich alles um den Einsatz von Open Source und offenen Bildungsressourcen in Schule, Hochschule und Weiterbildung drehen. In Vortr\u00e4gen und Workshops erhalten Sie neue Impulse, konkrete Beispiele aus der Praxis und spannende Kontakte f\u00fcr Ihre Arbeit im Bildungsbereich.<\/p>\n<p><a href=\"https:\/\/openeducationday.ch\/\" target=\"_blank\" rel=\"noopener\">Hier<\/a> finden Sie noch mehr Informationen.<\/p>\n<\/div>\n","protected":false},"excerpt":{"rendered":"<p>Der Open Education Day 2026 findet unter dem Motto\u00a0&#8220;Learning together&#8221;\u00a0am Samstag,\u00a025. April 2026\u00a0an der PHBern (Fabrikstrasse 8) statt. \u00a0Wir freuen uns \u00fcber vielseitige\u00a0Session-Einreichungen\u00a0bis zum 20. Januar 2026.\u00a0 Markus Deimann\u00a0h\u00e4lt die Keynote\u00a0&#8220;Open Education als Zukunftsgestaltung: Imaginaries, Bildung und die Praxis der Offenheit&#8220;: &#8220;Open Education ist mehr als Technik und Infrastruktur, sondern getragen durch gesellschaftliche Zukunftsbilder und&hellip;<\/p>\n","protected":false},"author":131,"featured_media":14459,"comment_status":"closed","ping_status":"closed","sticky":false,"template":"","format":"standard","meta":{"_acf_changed":false,"footnotes":""},"categories":[33],"tags":[],"class_list":["post-14458","post","type-post","status-publish","format-standard","has-post-thumbnail","hentry","category-events"],"acf":[],"yoast_head":"<!-- This site is optimized with the Yoast SEO Premium plugin v22.2 (Yoast SEO v27.5) - https:\/\/yoast.com\/product\/yoast-seo-premium-wordpress\/ -->\n<title>Open Education Day 2026 &#060; CH Open<\/title>\n<meta name=\"robots\" content=\"index, follow, max-snippet:-1, max-image-preview:large, max-video-preview:-1\" \/>\n<link rel=\"canonical\" href=\"https:\/\/www.ch-open.ch\/open-education-day-2026\/\" \/>\n<meta property=\"og:locale\" content=\"fr_FR\" \/>\n<meta property=\"og:type\" content=\"article\" \/>\n<meta property=\"og:title\" content=\"Open Education Day 2026\" \/>\n<meta property=\"og:description\" content=\"Der Open Education Day 2026 findet unter dem Motto\u00a0&#8220;Learning together&#8221;\u00a0am Samstag,\u00a025. April 2026\u00a0an der PHBern (Fabrikstrasse 8) statt. \u00a0Wir freuen uns \u00fcber vielseitige\u00a0Session-Einreichungen\u00a0bis zum 20. Januar 2026.\u00a0 Markus Deimann\u00a0h\u00e4lt die Keynote\u00a0&#8220;Open Education als Zukunftsgestaltung: Imaginaries, Bildung und die Praxis der Offenheit&#8220;: &#8220;Open Education ist mehr als Technik und Infrastruktur, sondern getragen durch gesellschaftliche Zukunftsbilder und&hellip;\" \/>\n<meta property=\"og:url\" content=\"https:\/\/www.ch-open.ch\/open-education-day-2026\/\" \/>\n<meta property=\"og:site_name\" content=\"CH Open\" \/>\n<meta property=\"article:published_time\" content=\"2025-12-04T14:12:02+00:00\" \/>\n<meta property=\"article:modified_time\" content=\"2025-12-04T14:12:04+00:00\" \/>\n<meta property=\"og:image\" content=\"https:\/\/www.ch-open.ch\/wp-content\/uploads\/2025\/12\/oed.jpg\" \/>\n\t<meta property=\"og:image:width\" content=\"300\" \/>\n\t<meta property=\"og:image:height\" content=\"211\" \/>\n\t<meta property=\"og:image:type\" content=\"image\/jpeg\" \/>\n<meta name=\"author\" content=\"pascalzweiacker\" \/>\n<meta name=\"twitter:card\" content=\"summary_large_image\" \/>\n<meta name=\"twitter:creator\" content=\"@ch_open\" \/>\n<meta name=\"twitter:site\" content=\"@ch_open\" \/>\n<meta name=\"twitter:label1\" content=\"\u00c9crit par\" \/>\n\t<meta name=\"twitter:data1\" content=\"pascalzweiacker\" \/>\n\t<meta name=\"twitter:label2\" content=\"Dur\u00e9e de lecture estim\u00e9e\" \/>\n\t<meta name=\"twitter:data2\" content=\"1 minute\" \/>\n<script type=\"application\/ld+json\" class=\"yoast-schema-graph\">{\"@context\":\"https:\\\/\\\/schema.org\",\"@graph\":[{\"@type\":\"Article\",\"@id\":\"https:\\\/\\\/www.ch-open.ch\\\/open-education-day-2026\\\/#article\",\"isPartOf\":{\"@id\":\"https:\\\/\\\/www.ch-open.ch\\\/open-education-day-2026\\\/\"},\"author\":{\"name\":\"pascalzweiacker\",\"@id\":\"https:\\\/\\\/www.ch-open.ch\\\/#\\\/schema\\\/person\\\/59613ecbb370d2cc16b83d49f816c92f\"},\"headline\":\"Open Education Day 2026\",\"datePublished\":\"2025-12-04T14:12:02+00:00\",\"dateModified\":\"2025-12-04T14:12:04+00:00\",\"mainEntityOfPage\":{\"@id\":\"https:\\\/\\\/www.ch-open.ch\\\/open-education-day-2026\\\/\"},\"wordCount\":153,\"publisher\":{\"@id\":\"https:\\\/\\\/www.ch-open.ch\\\/#organization\"},\"image\":{\"@id\":\"https:\\\/\\\/www.ch-open.ch\\\/open-education-day-2026\\\/#primaryimage\"},\"thumbnailUrl\":\"https:\\\/\\\/www.ch-open.ch\\\/wp-content\\\/uploads\\\/2025\\\/12\\\/oed.jpg\",\"articleSection\":[\"Events\"],\"inLanguage\":\"fr-FR\"},{\"@type\":\"WebPage\",\"@id\":\"https:\\\/\\\/www.ch-open.ch\\\/open-education-day-2026\\\/\",\"url\":\"https:\\\/\\\/www.ch-open.ch\\\/open-education-day-2026\\\/\",\"name\":\"Open Education Day 2026 &#060; CH Open\",\"isPartOf\":{\"@id\":\"https:\\\/\\\/www.ch-open.ch\\\/#website\"},\"primaryImageOfPage\":{\"@id\":\"https:\\\/\\\/www.ch-open.ch\\\/open-education-day-2026\\\/#primaryimage\"},\"image\":{\"@id\":\"https:\\\/\\\/www.ch-open.ch\\\/open-education-day-2026\\\/#primaryimage\"},\"thumbnailUrl\":\"https:\\\/\\\/www.ch-open.ch\\\/wp-content\\\/uploads\\\/2025\\\/12\\\/oed.jpg\",\"datePublished\":\"2025-12-04T14:12:02+00:00\",\"dateModified\":\"2025-12-04T14:12:04+00:00\",\"breadcrumb\":{\"@id\":\"https:\\\/\\\/www.ch-open.ch\\\/open-education-day-2026\\\/#breadcrumb\"},\"inLanguage\":\"fr-FR\",\"potentialAction\":[{\"@type\":\"ReadAction\",\"target\":[\"https:\\\/\\\/www.ch-open.ch\\\/open-education-day-2026\\\/\"]}]},{\"@type\":\"ImageObject\",\"inLanguage\":\"fr-FR\",\"@id\":\"https:\\\/\\\/www.ch-open.ch\\\/open-education-day-2026\\\/#primaryimage\",\"url\":\"https:\\\/\\\/www.ch-open.ch\\\/wp-content\\\/uploads\\\/2025\\\/12\\\/oed.jpg\",\"contentUrl\":\"https:\\\/\\\/www.ch-open.ch\\\/wp-content\\\/uploads\\\/2025\\\/12\\\/oed.jpg\",\"width\":300,\"height\":211},{\"@type\":\"BreadcrumbList\",\"@id\":\"https:\\\/\\\/www.ch-open.ch\\\/open-education-day-2026\\\/#breadcrumb\",\"itemListElement\":[{\"@type\":\"ListItem\",\"position\":1,\"name\":\"Home\",\"item\":\"https:\\\/\\\/www.ch-open.ch\\\/fr\\\/\"},{\"@type\":\"ListItem\",\"position\":2,\"name\":\"Open Education Day 2026\"}]},{\"@type\":\"WebSite\",\"@id\":\"https:\\\/\\\/www.ch-open.ch\\\/#website\",\"url\":\"https:\\\/\\\/www.ch-open.ch\\\/\",\"name\":\"CH Open\",\"description\":\"Verein CH Open\",\"publisher\":{\"@id\":\"https:\\\/\\\/www.ch-open.ch\\\/#organization\"},\"potentialAction\":[{\"@type\":\"SearchAction\",\"target\":{\"@type\":\"EntryPoint\",\"urlTemplate\":\"https:\\\/\\\/www.ch-open.ch\\\/?s={search_term_string}\"},\"query-input\":{\"@type\":\"PropertyValueSpecification\",\"valueRequired\":true,\"valueName\":\"search_term_string\"}}],\"inLanguage\":\"fr-FR\"},{\"@type\":\"Organization\",\"@id\":\"https:\\\/\\\/www.ch-open.ch\\\/#organization\",\"name\":\"CH Open\",\"url\":\"https:\\\/\\\/www.ch-open.ch\\\/\",\"logo\":{\"@type\":\"ImageObject\",\"inLanguage\":\"fr-FR\",\"@id\":\"https:\\\/\\\/www.ch-open.ch\\\/#\\\/schema\\\/logo\\\/image\\\/\",\"url\":\"https:\\\/\\\/www.ch-open.ch\\\/wp-content\\\/uploads\\\/2017\\\/03\\\/CHOpen_Logo_700.png\",\"contentUrl\":\"https:\\\/\\\/www.ch-open.ch\\\/wp-content\\\/uploads\\\/2017\\\/03\\\/CHOpen_Logo_700.png\",\"width\":700,\"height\":256,\"caption\":\"CH Open\"},\"image\":{\"@id\":\"https:\\\/\\\/www.ch-open.ch\\\/#\\\/schema\\\/logo\\\/image\\\/\"},\"sameAs\":[\"https:\\\/\\\/x.com\\\/ch_open\",\"https:\\\/\\\/www.youtube.com\\\/user\\\/openexpo\"]},{\"@type\":\"Person\",\"@id\":\"https:\\\/\\\/www.ch-open.ch\\\/#\\\/schema\\\/person\\\/59613ecbb370d2cc16b83d49f816c92f\",\"name\":\"pascalzweiacker\",\"image\":{\"@type\":\"ImageObject\",\"inLanguage\":\"fr-FR\",\"@id\":\"https:\\\/\\\/secure.gravatar.com\\\/avatar\\\/80622585d5257311bd54e933ad9740ee17f0a633274e3f84245caf1018a5fdd9?s=96&d=mm&r=g\",\"url\":\"https:\\\/\\\/secure.gravatar.com\\\/avatar\\\/80622585d5257311bd54e933ad9740ee17f0a633274e3f84245caf1018a5fdd9?s=96&d=mm&r=g\",\"contentUrl\":\"https:\\\/\\\/secure.gravatar.com\\\/avatar\\\/80622585d5257311bd54e933ad9740ee17f0a633274e3f84245caf1018a5fdd9?s=96&d=mm&r=g\",\"caption\":\"pascalzweiacker\"},\"url\":\"https:\\\/\\\/www.ch-open.ch\\\/fr\\\/author\\\/pascalzweiacker\\\/\"}]}<\/script>\n<!-- \/ Yoast SEO Premium plugin. -->","yoast_head_json":{"title":"Open Education Day 2026 &#060; CH Open","robots":{"index":"index","follow":"follow","max-snippet":"max-snippet:-1","max-image-preview":"max-image-preview:large","max-video-preview":"max-video-preview:-1"},"canonical":"https:\/\/www.ch-open.ch\/open-education-day-2026\/","og_locale":"fr_FR","og_type":"article","og_title":"Open Education Day 2026","og_description":"Der Open Education Day 2026 findet unter dem Motto\u00a0&#8220;Learning together&#8221;\u00a0am Samstag,\u00a025. April 2026\u00a0an der PHBern (Fabrikstrasse 8) statt. \u00a0Wir freuen uns \u00fcber vielseitige\u00a0Session-Einreichungen\u00a0bis zum 20. Januar 2026.\u00a0 Markus Deimann\u00a0h\u00e4lt die Keynote\u00a0&#8220;Open Education als Zukunftsgestaltung: Imaginaries, Bildung und die Praxis der Offenheit&#8220;: &#8220;Open Education ist mehr als Technik und Infrastruktur, sondern getragen durch gesellschaftliche Zukunftsbilder und&hellip;","og_url":"https:\/\/www.ch-open.ch\/open-education-day-2026\/","og_site_name":"CH Open","article_published_time":"2025-12-04T14:12:02+00:00","article_modified_time":"2025-12-04T14:12:04+00:00","og_image":[{"width":300,"height":211,"url":"https:\/\/www.ch-open.ch\/wp-content\/uploads\/2025\/12\/oed.jpg","type":"image\/jpeg"}],"author":"pascalzweiacker","twitter_card":"summary_large_image","twitter_creator":"@ch_open","twitter_site":"@ch_open","twitter_misc":{"\u00c9crit par":"pascalzweiacker","Dur\u00e9e de lecture estim\u00e9e":"1 minute"},"schema":{"@context":"https:\/\/schema.org","@graph":[{"@type":"Article","@id":"https:\/\/www.ch-open.ch\/open-education-day-2026\/#article","isPartOf":{"@id":"https:\/\/www.ch-open.ch\/open-education-day-2026\/"},"author":{"name":"pascalzweiacker","@id":"https:\/\/www.ch-open.ch\/#\/schema\/person\/59613ecbb370d2cc16b83d49f816c92f"},"headline":"Open Education Day 2026","datePublished":"2025-12-04T14:12:02+00:00","dateModified":"2025-12-04T14:12:04+00:00","mainEntityOfPage":{"@id":"https:\/\/www.ch-open.ch\/open-education-day-2026\/"},"wordCount":153,"publisher":{"@id":"https:\/\/www.ch-open.ch\/#organization"},"image":{"@id":"https:\/\/www.ch-open.ch\/open-education-day-2026\/#primaryimage"},"thumbnailUrl":"https:\/\/www.ch-open.ch\/wp-content\/uploads\/2025\/12\/oed.jpg","articleSection":["Events"],"inLanguage":"fr-FR"},{"@type":"WebPage","@id":"https:\/\/www.ch-open.ch\/open-education-day-2026\/","url":"https:\/\/www.ch-open.ch\/open-education-day-2026\/","name":"Open Education Day 2026 &#060; CH Open","isPartOf":{"@id":"https:\/\/www.ch-open.ch\/#website"},"primaryImageOfPage":{"@id":"https:\/\/www.ch-open.ch\/open-education-day-2026\/#primaryimage"},"image":{"@id":"https:\/\/www.ch-open.ch\/open-education-day-2026\/#primaryimage"},"thumbnailUrl":"https:\/\/www.ch-open.ch\/wp-content\/uploads\/2025\/12\/oed.jpg","datePublished":"2025-12-04T14:12:02+00:00","dateModified":"2025-12-04T14:12:04+00:00","breadcrumb":{"@id":"https:\/\/www.ch-open.ch\/open-education-day-2026\/#breadcrumb"},"inLanguage":"fr-FR","potentialAction":[{"@type":"ReadAction","target":["https:\/\/www.ch-open.ch\/open-education-day-2026\/"]}]},{"@type":"ImageObject","inLanguage":"fr-FR","@id":"https:\/\/www.ch-open.ch\/open-education-day-2026\/#primaryimage","url":"https:\/\/www.ch-open.ch\/wp-content\/uploads\/2025\/12\/oed.jpg","contentUrl":"https:\/\/www.ch-open.ch\/wp-content\/uploads\/2025\/12\/oed.jpg","width":300,"height":211},{"@type":"BreadcrumbList","@id":"https:\/\/www.ch-open.ch\/open-education-day-2026\/#breadcrumb","itemListElement":[{"@type":"ListItem","position":1,"name":"Home","item":"https:\/\/www.ch-open.ch\/fr\/"},{"@type":"ListItem","position":2,"name":"Open Education Day 2026"}]},{"@type":"WebSite","@id":"https:\/\/www.ch-open.ch\/#website","url":"https:\/\/www.ch-open.ch\/","name":"CH Open","description":"Verein CH Open","publisher":{"@id":"https:\/\/www.ch-open.ch\/#organization"},"potentialAction":[{"@type":"SearchAction","target":{"@type":"EntryPoint","urlTemplate":"https:\/\/www.ch-open.ch\/?s={search_term_string}"},"query-input":{"@type":"PropertyValueSpecification","valueRequired":true,"valueName":"search_term_string"}}],"inLanguage":"fr-FR"},{"@type":"Organization","@id":"https:\/\/www.ch-open.ch\/#organization","name":"CH Open","url":"https:\/\/www.ch-open.ch\/","logo":{"@type":"ImageObject","inLanguage":"fr-FR","@id":"https:\/\/www.ch-open.ch\/#\/schema\/logo\/image\/","url":"https:\/\/www.ch-open.ch\/wp-content\/uploads\/2017\/03\/CHOpen_Logo_700.png","contentUrl":"https:\/\/www.ch-open.ch\/wp-content\/uploads\/2017\/03\/CHOpen_Logo_700.png","width":700,"height":256,"caption":"CH Open"},"image":{"@id":"https:\/\/www.ch-open.ch\/#\/schema\/logo\/image\/"},"sameAs":["https:\/\/x.com\/ch_open","https:\/\/www.youtube.com\/user\/openexpo"]},{"@type":"Person","@id":"https:\/\/www.ch-open.ch\/#\/schema\/person\/59613ecbb370d2cc16b83d49f816c92f","name":"pascalzweiacker","image":{"@type":"ImageObject","inLanguage":"fr-FR","@id":"https:\/\/secure.gravatar.com\/avatar\/80622585d5257311bd54e933ad9740ee17f0a633274e3f84245caf1018a5fdd9?s=96&d=mm&r=g","url":"https:\/\/secure.gravatar.com\/avatar\/80622585d5257311bd54e933ad9740ee17f0a633274e3f84245caf1018a5fdd9?s=96&d=mm&r=g","contentUrl":"https:\/\/secure.gravatar.com\/avatar\/80622585d5257311bd54e933ad9740ee17f0a633274e3f84245caf1018a5fdd9?s=96&d=mm&r=g","caption":"pascalzweiacker"},"url":"https:\/\/www.ch-open.ch\/fr\/author\/pascalzweiacker\/"}]}},"_links":{"self":[{"href":"https:\/\/www.ch-open.ch\/fr\/wp-json\/wp\/v2\/posts\/14458","targetHints":{"allow":["GET"]}}],"collection":[{"href":"https:\/\/www.ch-open.ch\/fr\/wp-json\/wp\/v2\/posts"}],"about":[{"href":"https:\/\/www.ch-open.ch\/fr\/wp-json\/wp\/v2\/types\/post"}],"author":[{"embeddable":true,"href":"https:\/\/www.ch-open.ch\/fr\/wp-json\/wp\/v2\/users\/131"}],"replies":[{"embeddable":true,"href":"https:\/\/www.ch-open.ch\/fr\/wp-json\/wp\/v2\/comments?post=14458"}],"version-history":[{"count":1,"href":"https:\/\/www.ch-open.ch\/fr\/wp-json\/wp\/v2\/posts\/14458\/revisions"}],"predecessor-version":[{"id":14462,"href":"https:\/\/www.ch-open.ch\/fr\/wp-json\/wp\/v2\/posts\/14458\/revisions\/14462"}],"wp:featuredmedia":[{"embeddable":true,"href":"https:\/\/www.ch-open.ch\/fr\/wp-json\/wp\/v2\/media\/14459"}],"wp:attachment":[{"href":"https:\/\/www.ch-open.ch\/fr\/wp-json\/wp\/v2\/media?parent=14458"}],"wp:term":[{"taxonomy":"category","embeddable":true,"href":"https:\/\/www.ch-open.ch\/fr\/wp-json\/wp\/v2\/categories?post=14458"},{"taxonomy":"post_tag","embeddable":true,"href":"https:\/\/www.ch-open.ch\/fr\/wp-json\/wp\/v2\/tags?post=14458"}],"curies":[{"name":"wp","href":"https:\/\/api.w.org\/{rel}","templated":true}]}}